{"id":993264,"date":"2026-09-05T16:33:21","date_gmt":"2026-09-05T09:33:21","guid":{"rendered":"https:\/\/chateaudemaupas.com\/?p=993264"},"modified":"2026-09-05T16:33:24","modified_gmt":"2026-09-05T09:33:24","slug":"ferme-enfin-presque","status":"publish","type":"post","link":"https:\/\/chateaudemaupas.com\/en\/2026\/09\/05\/ferme-enfin-presque\/","title":{"rendered":"Ferm\u00e9\u2026 enfin, presque"},"content":{"rendered":"<div class=\"vgblk-rw-wrapper limit-wrapper\">\n<figure class=\"wp-block-image size-large\"><img fetchpriority=\"high\" decoding=\"async\" width=\"1024\" height=\"768\" src=\"https:\/\/chateaudemaupas.com\/wp-content\/uploads\/2026\/09\/IMG_3851-1024x768.jpg\" alt=\"\" class=\"wp-image-993265\" srcset=\"https:\/\/chateaudemaupas.com\/wp-content\/uploads\/2026\/09\/IMG_3851-1024x768.jpg 1024w, https:\/\/chateaudemaupas.com\/wp-content\/uploads\/2026\/09\/IMG_3851-300x225.jpg 300w, https:\/\/chateaudemaupas.com\/wp-content\/uploads\/2026\/09\/IMG_3851-768x576.jpg 768w, https:\/\/chateaudemaupas.com\/wp-content\/uploads\/2026\/09\/IMG_3851-1536x1152.jpg 1536w, https:\/\/chateaudemaupas.com\/wp-content\/uploads\/2026\/09\/IMG_3851-2048x1536.jpg 2048w, https:\/\/chateaudemaupas.com\/wp-content\/uploads\/2026\/09\/IMG_3851-16x12.jpg 16w, https:\/\/chateaudemaupas.com\/wp-content\/uploads\/2026\/09\/IMG_3851-630x473.jpg 630w, https:\/\/chateaudemaupas.com\/wp-content\/uploads\/2026\/09\/IMG_3851-1260x945.jpg 1260w, https:\/\/chateaudemaupas.com\/wp-content\/uploads\/2026\/09\/IMG_3851-315x236.jpg 315w\" sizes=\"(max-width: 1024px) 100vw, 1024px\" \/><\/figure>\n\n\n\n<p class=\"wp-block-paragraph\"> <\/p>\n\n\n\n<p class=\"wp-block-paragraph\">Cette fois, c&rsquo;est fait.<\/p>\n\n\n\n<p class=\"wp-block-paragraph\">Depuis\u00a0quelques jours, <strong>les portes de Maupas sont ferm\u00e9es aux visites<\/strong>. Apr\u00e8s les journ\u00e9es rythm\u00e9es par les horaires, les groupes qui arrivent dans la cour et\u00a0les questions qui reviennent d&rsquo;une visite \u00e0 l&rsquo;autre, le ch\u00e2teau s&rsquo;est accord\u00e9 un petit break.<\/p>\n\n\n\n<p class=\"wp-block-paragraph\">Pas de grand c\u00e9r\u00e9monial. Pas de meubles recouverts de housses en attendant l&rsquo;\u00e9t\u00e9 prochain.<\/p>\n\n\n\n<p class=\"wp-block-paragraph\"><strong>Simplement, un autre rythme.<\/strong><\/p>\n\n\n\n<p class=\"wp-block-paragraph\">Il faut d&rsquo;abord passer un bon coup de balai, ranger ce qui s&rsquo;est accumul\u00e9, reprendre quelques travaux laiss\u00e9s de c\u00f4t\u00e9 et profiter de ces journ\u00e9es o\u00f9 l&rsquo;on peut enfin commencer quelque chose sans regarder sa montre pour savoir quand arrivera le prochain groupe.<\/p>\n\n\n\n<p class=\"wp-block-paragraph\">De l\u2019autre c\u00f4t\u00e9 de la route, les vendanges sont elles aussi termin\u00e9es.\u00a0Elles auront rythm\u00e9 les deux derni\u00e8res semaines de la saison d\u2019\u00e9t\u00e9, entre tracteurs, remorques et allers-retours vers le chai. D\u00e9sormais, c\u2019est l\u00e0 que le mill\u00e9sime poursuit son chemin.<\/p>\n\n\n\n<p class=\"wp-block-paragraph\">Autour du ch\u00e2teau aussi, septembre commence \u00e0 se faire sentir.\u00a0Les journ\u00e9es caniculaires du mois d&rsquo;ao\u00fbt ont laiss\u00e9 place \u00e0 quelques nuages, \u00e0 des temp\u00e9ratures plus raisonnables et \u00e0 une lumi\u00e8re d\u00e9j\u00e0 un peu diff\u00e9rente.\u00a0<strong>Pas encore vraiment l&rsquo;automne. Mais plus tout \u00e0 fait l&rsquo;\u00e9t\u00e9.<\/strong><\/p>\n\n\n\n<p class=\"wp-block-paragraph\"><strong>Et il faut d\u00e9j\u00e0 penser \u00e0 rouvrir.<\/strong><\/p>\n\n\n\n<p class=\"wp-block-paragraph\">Car \u00ab ferm\u00e9 \u00bb est d\u00e9cid\u00e9ment un bien grand mot \u00e0 Maupas. Les Journ\u00e9es europ\u00e9ennes du patrimoine approchent et, avec elles, il faut pr\u00e9parer des espaces que les visiteurs ne d\u00e9couvrent pas habituellement.<\/p>\n\n\n\n<p class=\"wp-block-paragraph\">La chapelle, notamment. Celle-l\u00e0 m\u00eame qui, quelques semaines plus t\u00f4t, avait connu une activit\u00e9 assez inhabituelle pour les besoins de deux clips de metal.<\/p>\n\n\n\n<p class=\"wp-block-paragraph\">Quelques rangements, un peu de m\u00e9nage, remettre les lieux en ordre\u2026 et bient\u00f4t ce ne seront plus les cam\u00e9ras qui franchiront sa porte, mais les visiteurs.<\/p>\n\n\n\n<p class=\"wp-block-paragraph\">Finalement, septembre ressemble peut-\u00eatre \u00e0 cela \u00e0 Maupas :&nbsp;<strong>un petit moment entre deux mouvements.<\/strong>&nbsp;Les visites d&rsquo;\u00e9t\u00e9 sont termin\u00e9es, les vendanges aussi ; le ch\u00e2teau reprend son souffle, mais d\u00e9j\u00e0 la suite se pr\u00e9pare.<\/p>\n\n\n\n<p class=\"wp-block-paragraph\">Et ce n&rsquo;est pas d\u00e9sagr\u00e9able non plus de regarder, pendant quelques jours, les nuages revenir au-dessus des tours.<\/p>\n\n\n\n<p class=\"wp-block-paragraph\"><strong>Et vous, vous \u00eates-vous d\u00e9j\u00e0 demand\u00e9 ce que devient Maupas lorsque les visiteurs sont partis ?<\/strong><\/p>\n\n\n\n<p class=\"wp-block-paragraph\"><strong>\u00c0 suivre dans les Chroniques de Maupas\u2026<\/strong><\/p>\n\n\n\n<p class=\"wp-block-paragraph\"><em>Les portes sont ferm\u00e9es. Nous, nous sommes toujours l\u00e0\u2026<\/em><\/p>\n<\/div><!-- .vgblk-rw-wrapper -->","protected":false},"excerpt":{"rendered":"<p>Cette fois, c&rsquo;est fait. Depuis\u00a0quelques jours, les portes de Maupas sont ferm\u00e9es aux visites. Apr\u00e8s les journ\u00e9es rythm\u00e9es par les horaires, les groupes qui arrivent dans la cour et\u00a0les questions qui reviennent d&rsquo;une visite \u00e0 l&rsquo;autre, le ch\u00e2teau s&rsquo;est accord\u00e9 un petit break. Pas de grand c\u00e9r\u00e9monial. Pas de meubles recouverts de housses en attendant&#8230;<\/p>","protected":false},"author":3,"featured_media":0,"comment_status":"closed","ping_status":"open","sticky":false,"template":"","format":"standard","meta":{"om_disable_all_campaigns":false,"_monsterinsights_skip_tracking":false,"_uf_show_specific_survey":0,"_uf_disable_surveys":false,"_jetpack_memberships_contains_paid_content":false,"footnotes":""},"categories":[103],"tags":[],"class_list":["post-993264","post","type-post","status-publish","format-standard","hentry","category-chroniques-de-maupas"],"aioseo_notices":[],"jetpack_featured_media_url":"","jetpack_sharing_enabled":true,"_links":{"self":[{"href":"https:\/\/chateaudemaupas.com\/en\/wp-json\/wp\/v2\/posts\/993264","targetHints":{"allow":["GET"]}}],"collection":[{"href":"https:\/\/chateaudemaupas.com\/en\/wp-json\/wp\/v2\/posts"}],"about":[{"href":"https:\/\/chateaudemaupas.com\/en\/wp-json\/wp\/v2\/types\/post"}],"author":[{"embeddable":true,"href":"https:\/\/chateaudemaupas.com\/en\/wp-json\/wp\/v2\/users\/3"}],"replies":[{"embeddable":true,"href":"https:\/\/chateaudemaupas.com\/en\/wp-json\/wp\/v2\/comments?post=993264"}],"version-history":[{"count":3,"href":"https:\/\/chateaudemaupas.com\/en\/wp-json\/wp\/v2\/posts\/993264\/revisions"}],"predecessor-version":[{"id":993268,"href":"https:\/\/chateaudemaupas.com\/en\/wp-json\/wp\/v2\/posts\/993264\/revisions\/993268"}],"wp:attachment":[{"href":"https:\/\/chateaudemaupas.com\/en\/wp-json\/wp\/v2\/media?parent=993264"}],"wp:term":[{"taxonomy":"category","embeddable":true,"href":"https:\/\/chateaudemaupas.com\/en\/wp-json\/wp\/v2\/categories?post=993264"},{"taxonomy":"post_tag","embeddable":true,"href":"https:\/\/chateaudemaupas.com\/en\/wp-json\/wp\/v2\/tags?post=993264"}],"curies":[{"name":"wp","href":"https:\/\/api.w.org\/{rel}","templated":true}]}}